{"id":17991,"date":"2025-02-18T18:45:07","date_gmt":"2025-02-18T17:45:07","guid":{"rendered":"https:\/\/www.lebenshilfe-stuttgart.de\/?p=17991"},"modified":"2025-04-28T18:06:22","modified_gmt":"2025-04-28T16:06:22","slug":"neue-wege-im-berufsbildungsbereich","status":"publish","type":"post","link":"https:\/\/www.lebenshilfe-stuttgart.de\/de_leicht\/neue-wege-im-berufsbildungsbereich\/","title":{"rendered":"Quer\u00b7einsteiger-Programm: Neue Wege im Berufs\u00b7bildungs\u00b7bereich (Leichte Sprache)"},"content":{"rendered":"<p><strong><p><\/p><\/strong><\/p>\n\n\n\n<div style=\"height:10px\" aria-hidden=\"true\" class=\"wp-block-spacer\"><\/div>\n\n\n\n<p class=\"translation-block\">Im Berufs\u00b7bildungs\u00b7bereich lernt man zu arbeiten.<br>\nManche Menschen k\u00f6nnen das schon.<br>\nSie haben vieles gelernt.<br>\nSie k\u00f6nnen vieles.<br>\nSie waren vielleicht schon in einer Firma.<br>\nSie finden aber nicht den richtigen Platz.<br>\nSie trauen sich manches nicht zu.<br>\nSie f\u00fchlen sich schnell unter Druck gesetzt.<\/p>\n\n\n\n<div style=\"height:20px\" aria-hidden=\"true\" class=\"wp-block-spacer\"><\/div>\n\n\n\n<h2 class=\"wp-block-heading\"><p><\/p><\/h2>\n\n\n\n<p class=\"translation-block\">F\u00fcr diese Menschen gibt es das Quer\u00b7einsteiger\u00b7programm.<br>\nChristina Ulmer hat erz\u00e4hlt wie das geht.<br>\nEine Person hat sie unterst\u00fctzt.<br>\nWenn etwas nicht geklappt hat,<br>\nhaben sie gemeinsam eine L\u00f6sung \u00fcberlegt.<br>\nChristina Ulmer hat erst in der Schreinerei gearbeit.<br>\nDann in der Logistik.<br>\nJetzt arbeitet sie in einer Firma.<br>\nAn drei Tagen in der Woche ist sie dort.<br>\nVielleicht werden es bald mehr Tage sein.<\/p>","protected":false},"excerpt":{"rendered":"<p>Das Quereinsteiger-Programm ist f\u00fcr Menschen mit Behinderungen, die das Potential haben, auf dem allgemeinen Arbeitsmarkt zu arbeiten. Die Teilnehmenden haben dort bereits Arbeitserfahrung gesammelt, eine berufsvorbereitende Ma\u00dfnahme besucht oder eine Fachpraktikerausbildung absolviert. Umstrukturierungen in der Firma, pers\u00f6nlicher Umzug oder nicht passende Rahmenbedingungen erfordern eine Neuorientierung f\u00fcr die Betroffenen. Mit dem Quereinsteiger-Programm bekommen diese Personen eine [&hellip;]<\/p>\n","protected":false},"author":2,"featured_media":18002,"comment_status":"open","ping_status":"open","sticky":false,"template":"","format":"standard","meta":{"_acf_changed":false,"footnotes":""},"categories":[227],"tags":[],"post_folder":[],"class_list":["post-17991","post","type-post","status-publish","format-standard","has-post-thumbnail","hentry","category-blog"],"acf":[],"_links":{"self":[{"href":"https:\/\/www.lebenshilfe-stuttgart.de\/de_leicht\/wp-json\/wp\/v2\/posts\/17991","targetHints":{"allow":["GET"]}}],"collection":[{"href":"https:\/\/www.lebenshilfe-stuttgart.de\/de_leicht\/wp-json\/wp\/v2\/posts"}],"about":[{"href":"https:\/\/www.lebenshilfe-stuttgart.de\/de_leicht\/wp-json\/wp\/v2\/types\/post"}],"author":[{"embeddable":true,"href":"https:\/\/www.lebenshilfe-stuttgart.de\/de_leicht\/wp-json\/wp\/v2\/users\/2"}],"replies":[{"embeddable":true,"href":"https:\/\/www.lebenshilfe-stuttgart.de\/de_leicht\/wp-json\/wp\/v2\/comments?post=17991"}],"version-history":[{"count":10,"href":"https:\/\/www.lebenshilfe-stuttgart.de\/de_leicht\/wp-json\/wp\/v2\/posts\/17991\/revisions"}],"predecessor-version":[{"id":18762,"href":"https:\/\/www.lebenshilfe-stuttgart.de\/de_leicht\/wp-json\/wp\/v2\/posts\/17991\/revisions\/18762"}],"wp:featuredmedia":[{"embeddable":true,"href":"https:\/\/www.lebenshilfe-stuttgart.de\/de_leicht\/wp-json\/wp\/v2\/media\/18002"}],"wp:attachment":[{"href":"https:\/\/www.lebenshilfe-stuttgart.de\/de_leicht\/wp-json\/wp\/v2\/media?parent=17991"}],"wp:term":[{"taxonomy":"category","embeddable":true,"href":"https:\/\/www.lebenshilfe-stuttgart.de\/de_leicht\/wp-json\/wp\/v2\/categories?post=17991"},{"taxonomy":"post_tag","embeddable":true,"href":"https:\/\/www.lebenshilfe-stuttgart.de\/de_leicht\/wp-json\/wp\/v2\/tags?post=17991"},{"taxonomy":"post_folder","embeddable":true,"href":"https:\/\/www.lebenshilfe-stuttgart.de\/de_leicht\/wp-json\/wp\/v2\/post_folder?post=17991"}],"curies":[{"name":"wp","href":"https:\/\/api.w.org\/{rel}","templated":true}]}}