{"id":19144,"date":"2025-05-28T18:30:50","date_gmt":"2025-05-28T16:30:50","guid":{"rendered":"https:\/\/www.lebenshilfe-stuttgart.de\/?p=19144"},"modified":"2025-06-03T10:01:04","modified_gmt":"2025-06-03T08:01:04","slug":"fachmesse-berufliche-moeglichkeiten-fuer-junge-menschen-mit-beeintraechtigung","status":"publish","type":"post","link":"https:\/\/www.lebenshilfe-stuttgart.de\/de_leicht\/fachmesse-berufliche-moeglichkeiten-fuer-junge-menschen-mit-beeintraechtigung\/","title":{"rendered":"Fachmesse \u201eBerufliche M\u00f6glichkeiten f\u00fcr junge Menschen mit Beeintr\u00e4chtigung\u201c (Leichte Sprache)"},"content":{"rendered":"<h2 class=\"wp-block-heading\">Schule beendet und dann?<\/h2>\n\n\n\n<p>Diese Frage stellen sich viele junge Menschen, wenn sie ihre Schulzeit beenden.<br>\nSie m\u00f6chten wissen, welche Wege ihnen offenstehen.<br>\nZum Beispiel eine Ausbildung, ein Studium oder andere Weiterbildungsangebote.<br>\nIn Stuttgart gibt es viele Messen zu dieser Frage.<br>\nDoch wie finden Menschen mit Behinderungen die passenden Informationen?<br>\nSeit 2016 gibt es eine spezielle Fachmesse, die f\u00fcr Menschen mit Behinderungen ist.<br>\nAm 22. Mai fand diese Messe statt \u2013<br>\nund nat\u00fcrlich waren auch die Lebenshilfe Stuttgart wieder mit dabei.<br><br>Dank der Unterst\u00fctzung der IHK Stuttgart konnten wir die Veranstaltung in deren zentral gelegenen und barrierefreien R\u00e4umlichkeiten ausrichten. An dieser Stelle ein herzliches Dankesch\u00f6n daf\u00fcr! Andrea Bosch, Vertreterin der IHK Stuttgart und Jennifer Langer, Behindertenbeauftragte der Stadt Stuttgart, begr\u00fc\u00dften die G\u00e4ste und Aussteller herzlich.<br><br>Organisiert wird die Fachmesse \u201eBerufliche M\u00f6glichkeiten f\u00fcr junge Menschen mit Beeintr\u00e4chtigung\u201c vom Netzwerk berufliche Inklusion Stuttgart. Das ist ein Zusammenschluss Anbietern und Kostentr\u00e4gern rund um die Eingliederungshilfe. Also Werkst\u00e4tten f\u00fcr Menschen mit Behinderung (WfbM), Berufsbildungswerke, Arbeitsagentur, Jobcenter, dem Kommunalverband f\u00fcr Jugend &amp; Soziales und die Stadt Stuttgart.<\/p>\n\n\n\n<div style=\"height:20px\" aria-hidden=\"true\" class=\"wp-block-spacer\"><\/div>\n\n\n\n<figure class=\"wp-block-image size-large\"><img loading=\"lazy\" decoding=\"async\" width=\"1024\" height=\"576\" src=\"https:\/\/www.lebenshilfe-stuttgart.de\/wp-content\/uploads\/2025\/05\/P5224334-edited-1024x576.jpg\" alt=\"Fachmesse 2025\" class=\"wp-image-19207\" srcset=\"https:\/\/www.lebenshilfe-stuttgart.de\/wp-content\/uploads\/2025\/05\/P5224334-edited-1024x576.jpg 1024w, https:\/\/www.lebenshilfe-stuttgart.de\/wp-content\/uploads\/2025\/05\/P5224334-edited-scaled-600x338.jpg 600w, https:\/\/www.lebenshilfe-stuttgart.de\/wp-content\/uploads\/2025\/05\/P5224334-edited-300x169.jpg 300w, https:\/\/www.lebenshilfe-stuttgart.de\/wp-content\/uploads\/2025\/05\/P5224334-edited-768x432.jpg 768w, https:\/\/www.lebenshilfe-stuttgart.de\/wp-content\/uploads\/2025\/05\/P5224334-edited-1536x864.jpg 1536w, https:\/\/www.lebenshilfe-stuttgart.de\/wp-content\/uploads\/2025\/05\/P5224334-edited-2048x1152.jpg 2048w, https:\/\/www.lebenshilfe-stuttgart.de\/wp-content\/uploads\/2025\/05\/P5224334-edited-18x10.jpg 18w\" sizes=\"auto, (max-width: 1024px) 100vw, 1024px\" \/><\/figure>\n\n\n\n<div style=\"height:20px\" aria-hidden=\"true\" class=\"wp-block-spacer\"><\/div>\n\n\n\n<h2 class=\"wp-block-heading\">Vielf\u00e4ltige Angebote und pers\u00f6nliche Berichte<\/h2>\n\n\n\n<p class=\"translation-block\">Auf der Messe gab es Infost\u00e4nde von verschiedenen Organisationen.<br>\nAn Musterarbeitspl\u00e4tzen konnten die Besucherinnen und Besucher verschiedene T\u00e4tigkeiten ausprobieren \u2013<br>\nzum Beispiel einfache Montagearbeiten.<br>\nDie Lebenshilfe Stuttgart hatte eine Maschine dabei mit der man Buttons machen kann.<br>\nAu\u00dferdem konnten die G\u00e4ste eigene Gru\u00dfkarten herstellen.<br><br>\nAuf der Messe gab es viele Vortr\u00e4ge.<br>\nMenschen mit Behinderungen haben aus ihrem Arbeits-Alltag erz\u00e4hlten.<br>\nEs gab Vortr\u00e4ge von Menschen die in einer Werkstatt f\u00fcr Menschen mit Behinderungen arbeiten.<br>\nUnd es gab Vortr\u00e4ge von Menschen, die in einer normalen Firma arbeiten.<br><br>\nZu jedem Vortrag wurden Fotos gezeigt<br>\nAlle Vortr\u00e4ge wurden mehrfach wiederholt.<\/p>\n\n\n\n<div style=\"height:20px\" aria-hidden=\"true\" class=\"wp-block-spacer\"><\/div>\n\n\n\n<figure class=\"wp-block-gallery has-nested-images columns-default is-cropped wp-block-gallery-1 is-layout-flex wp-block-gallery-is-layout-flex\">\n<figure class=\"wp-block-image size-large\"><img loading=\"lazy\" decoding=\"async\" width=\"1024\" height=\"768\" data-id=\"19200\" src=\"https:\/\/www.lebenshilfe-stuttgart.de\/wp-content\/uploads\/2025\/05\/P5224365-1024x768.jpg\" alt=\"Fachmesse 2025\" class=\"wp-image-19200\" srcset=\"https:\/\/www.lebenshilfe-stuttgart.de\/wp-content\/uploads\/2025\/05\/P5224365-1024x768.jpg 1024w, https:\/\/www.lebenshilfe-stuttgart.de\/wp-content\/uploads\/2025\/05\/P5224365-scaled-600x450.jpg 600w, https:\/\/www.lebenshilfe-stuttgart.de\/wp-content\/uploads\/2025\/05\/P5224365-300x225.jpg 300w, https:\/\/www.lebenshilfe-stuttgart.de\/wp-content\/uploads\/2025\/05\/P5224365-768x576.jpg 768w, https:\/\/www.lebenshilfe-stuttgart.de\/wp-content\/uploads\/2025\/05\/P5224365-1536x1152.jpg 1536w, https:\/\/www.lebenshilfe-stuttgart.de\/wp-content\/uploads\/2025\/05\/P5224365-2048x1536.jpg 2048w, https:\/\/www.lebenshilfe-stuttgart.de\/wp-content\/uploads\/2025\/05\/P5224365-16x12.jpg 16w\" sizes=\"auto, (max-width: 1024px) 100vw, 1024px\" \/><\/figure>\n\n\n\n<figure class=\"wp-block-image size-large\"><img loading=\"lazy\" decoding=\"async\" width=\"1024\" height=\"768\" data-id=\"19199\" src=\"https:\/\/www.lebenshilfe-stuttgart.de\/wp-content\/uploads\/2025\/05\/P5224374-1024x768.jpg\" alt=\"Fachmesse 2025\" class=\"wp-image-19199\" srcset=\"https:\/\/www.lebenshilfe-stuttgart.de\/wp-content\/uploads\/2025\/05\/P5224374-1024x768.jpg 1024w, https:\/\/www.lebenshilfe-stuttgart.de\/wp-content\/uploads\/2025\/05\/P5224374-scaled-600x450.jpg 600w, https:\/\/www.lebenshilfe-stuttgart.de\/wp-content\/uploads\/2025\/05\/P5224374-300x225.jpg 300w, https:\/\/www.lebenshilfe-stuttgart.de\/wp-content\/uploads\/2025\/05\/P5224374-768x576.jpg 768w, https:\/\/www.lebenshilfe-stuttgart.de\/wp-content\/uploads\/2025\/05\/P5224374-1536x1152.jpg 1536w, https:\/\/www.lebenshilfe-stuttgart.de\/wp-content\/uploads\/2025\/05\/P5224374-2048x1536.jpg 2048w, https:\/\/www.lebenshilfe-stuttgart.de\/wp-content\/uploads\/2025\/05\/P5224374-16x12.jpg 16w\" sizes=\"auto, (max-width: 1024px) 100vw, 1024px\" \/><\/figure>\n\n\n\n<figure class=\"wp-block-image size-large\"><img loading=\"lazy\" decoding=\"async\" width=\"1024\" height=\"768\" data-id=\"19149\" src=\"https:\/\/www.lebenshilfe-stuttgart.de\/wp-content\/uploads\/2025\/05\/P5224377-1024x768.jpg\" alt=\"Lebenshilfe Stuttgart Infostand\" class=\"wp-image-19149\" srcset=\"https:\/\/www.lebenshilfe-stuttgart.de\/wp-content\/uploads\/2025\/05\/P5224377-1024x768.jpg 1024w, https:\/\/www.lebenshilfe-stuttgart.de\/wp-content\/uploads\/2025\/05\/P5224377-scaled-600x450.jpg 600w, https:\/\/www.lebenshilfe-stuttgart.de\/wp-content\/uploads\/2025\/05\/P5224377-300x225.jpg 300w, https:\/\/www.lebenshilfe-stuttgart.de\/wp-content\/uploads\/2025\/05\/P5224377-768x576.jpg 768w, https:\/\/www.lebenshilfe-stuttgart.de\/wp-content\/uploads\/2025\/05\/P5224377-1536x1152.jpg 1536w, https:\/\/www.lebenshilfe-stuttgart.de\/wp-content\/uploads\/2025\/05\/P5224377-2048x1536.jpg 2048w, https:\/\/www.lebenshilfe-stuttgart.de\/wp-content\/uploads\/2025\/05\/P5224377-16x12.jpg 16w\" sizes=\"auto, (max-width: 1024px) 100vw, 1024px\" \/><\/figure>\n<\/figure>\n\n\n\n<div style=\"height:20px\" aria-hidden=\"true\" class=\"wp-block-spacer\"><\/div>\n\n\n\n<h2 class=\"wp-block-heading\">Ein gelungener Austausch f\u00fcr alle Beteiligten<\/h2>\n\n\n\n<p>Die Fachmesse wurde von vielen Menschen besucht.<br>\nEs waren Schulklassen da und auch einige Eltern.<\/p>","protected":false},"excerpt":{"rendered":"<p>Schule beendet und dann? Diese Frage stellen sich viele junge Menschen, wenn sie ihre Schulzeit beenden. Sie m\u00f6chten wissen, welche Wege ihnen offenstehen \u2013 sei es Ausbildung, Studium oder andere Weiterbildungsangebote. In der Region Stuttgart gibt es mittlerweile zahlreiche Messeformate, bei denen Ausbildungsbetriebe, Hochschulen und Weiterbildungsinstitute ihre Angebote pr\u00e4sentieren. Doch wie finden Menschen mit Behinderungen [&hellip;]<\/p>\n","protected":false},"author":5,"featured_media":19145,"comment_status":"open","ping_status":"open","sticky":false,"template":"","format":"standard","meta":{"_acf_changed":false,"footnotes":""},"categories":[227],"tags":[],"post_folder":[],"class_list":["post-19144","post","type-post","status-publish","format-standard","has-post-thumbnail","hentry","category-blog"],"acf":[],"_links":{"self":[{"href":"https:\/\/www.lebenshilfe-stuttgart.de\/de_leicht\/wp-json\/wp\/v2\/posts\/19144","targetHints":{"allow":["GET"]}}],"collection":[{"href":"https:\/\/www.lebenshilfe-stuttgart.de\/de_leicht\/wp-json\/wp\/v2\/posts"}],"about":[{"href":"https:\/\/www.lebenshilfe-stuttgart.de\/de_leicht\/wp-json\/wp\/v2\/types\/post"}],"author":[{"embeddable":true,"href":"https:\/\/www.lebenshilfe-stuttgart.de\/de_leicht\/wp-json\/wp\/v2\/users\/5"}],"replies":[{"embeddable":true,"href":"https:\/\/www.lebenshilfe-stuttgart.de\/de_leicht\/wp-json\/wp\/v2\/comments?post=19144"}],"version-history":[{"count":14,"href":"https:\/\/www.lebenshilfe-stuttgart.de\/de_leicht\/wp-json\/wp\/v2\/posts\/19144\/revisions"}],"predecessor-version":[{"id":19209,"href":"https:\/\/www.lebenshilfe-stuttgart.de\/de_leicht\/wp-json\/wp\/v2\/posts\/19144\/revisions\/19209"}],"wp:featuredmedia":[{"embeddable":true,"href":"https:\/\/www.lebenshilfe-stuttgart.de\/de_leicht\/wp-json\/wp\/v2\/media\/19145"}],"wp:attachment":[{"href":"https:\/\/www.lebenshilfe-stuttgart.de\/de_leicht\/wp-json\/wp\/v2\/media?parent=19144"}],"wp:term":[{"taxonomy":"category","embeddable":true,"href":"https:\/\/www.lebenshilfe-stuttgart.de\/de_leicht\/wp-json\/wp\/v2\/categories?post=19144"},{"taxonomy":"post_tag","embeddable":true,"href":"https:\/\/www.lebenshilfe-stuttgart.de\/de_leicht\/wp-json\/wp\/v2\/tags?post=19144"},{"taxonomy":"post_folder","embeddable":true,"href":"https:\/\/www.lebenshilfe-stuttgart.de\/de_leicht\/wp-json\/wp\/v2\/post_folder?post=19144"}],"curies":[{"name":"wp","href":"https:\/\/api.w.org\/{rel}","templated":true}]}}