{"id":19720,"date":"2025-08-14T11:16:52","date_gmt":"2025-08-14T09:16:52","guid":{"rendered":"https:\/\/www.lebenshilfe-stuttgart.de\/?p=19720"},"modified":"2025-08-19T11:04:40","modified_gmt":"2025-08-19T09:04:40","slug":"i-got-rhythm-inklusive-konzerte","status":"publish","type":"post","link":"https:\/\/www.lebenshilfe-stuttgart.de\/de_leicht\/i-got-rhythm-inklusive-konzerte\/","title":{"rendered":"I got rhythm &#8211; inklusive Konzerte"},"content":{"rendered":"<p>Ein gemeinsames Musikprojekt von SWR Philharmonikern und VHS Stuttgart und unsere Wohnanlage am Probstsee war dabei!<\/p>\n\n\n\n<p>Musik ist eine universelle Sprache, die Menschen verbindet. F\u00fcr viele ist der Besuch eines Konzerts ein besonderes Erlebnis. In Zusammenarbeit mit der Volkshochschule Stuttgart (VHS) hat das SWR Symphonieorchester ein inklusives Projekt ins Leben gerufen: I got rhythm \u2013 inklusive Konzerte.<\/p>\n\n\n\n<p>\u201e<em>Mit diesem Format er\u00f6ffnet das SWR Symphonieorchester einen sicheren Raum f\u00fcr Menschen mit k\u00f6rperlich-geistiger Einschr\u00e4nkung, in dem sie ganz nach ihren Bed\u00fcrfnissen in entspannter Atmosph\u00e4re neue H\u00f6rr\u00e4ume erleben k\u00f6nnen. Zur Vorbereitung auf die Konzerte werden lokale Workshops angeboten. (\u2026)\u201c (aus der Ausschreibung der VHS Stuttgart)<\/em><\/p>\n\n\n\n<p>Sieben Teilnehmende aus der Wohnanlage am Probstsee hatten die Gelegenheit, am ersten Workshop teilzunehmen. Am Samstag, den 23. M\u00e4rz, f\u00fchrten Felix Birnbaum, Musiker des SWR Symphonieorchesters, und Jasmin Bachmann von der Musikvermittlung des SWR die Gruppe in die Welt der Ger\u00e4usche und Kl\u00e4nge ein. Kreative Eigenkreationen standen im Mittelpunkt: Becher, gef\u00fcllt mit Popcorn, Bohnen oder Pfefferk\u00f6rnern in unterschiedlichen Gr\u00f6\u00dfen, dienten als selbstgebastelte Instrumente. So konnten die Teilnehmenden spielerisch herausfinden, welche T\u00f6ne m\u00f6glich sind und wie Rhythmen funktionieren.<\/p>\n\n\n\n<figure class=\"wp-block-gallery has-nested-images columns-default is-cropped wp-block-gallery-1 is-layout-flex wp-block-gallery-is-layout-flex\">\n<figure class=\"wp-block-image size-large\"><img loading=\"lazy\" decoding=\"async\" width=\"768\" height=\"1024\" data-id=\"19725\" src=\"https:\/\/www.lebenshilfe-stuttgart.de\/wp-content\/uploads\/2025\/08\/Workshop_1-768x1024.jpg\" alt=\"\" class=\"wp-image-19725\" srcset=\"https:\/\/www.lebenshilfe-stuttgart.de\/wp-content\/uploads\/2025\/08\/Workshop_1-768x1024.jpg 768w, https:\/\/www.lebenshilfe-stuttgart.de\/wp-content\/uploads\/2025\/08\/Workshop_1-225x300.jpg 225w, https:\/\/www.lebenshilfe-stuttgart.de\/wp-content\/uploads\/2025\/08\/Workshop_1-1152x1536.jpg 1152w, https:\/\/www.lebenshilfe-stuttgart.de\/wp-content\/uploads\/2025\/08\/Workshop_1-1536x2048.jpg 1536w, https:\/\/www.lebenshilfe-stuttgart.de\/wp-content\/uploads\/2025\/08\/Workshop_1-9x12.jpg 9w, https:\/\/www.lebenshilfe-stuttgart.de\/wp-content\/uploads\/2025\/08\/Workshop_1-600x800.jpg 600w, https:\/\/www.lebenshilfe-stuttgart.de\/wp-content\/uploads\/2025\/08\/Workshop_1-scaled.jpg 1920w\" sizes=\"auto, (max-width: 768px) 100vw, 768px\" \/><figcaption class=\"wp-element-caption\">Felix Birnbaum<\/figcaption><\/figure>\n\n\n\n<figure class=\"wp-block-image size-large\"><img loading=\"lazy\" decoding=\"async\" width=\"768\" height=\"1024\" data-id=\"19726\" src=\"https:\/\/www.lebenshilfe-stuttgart.de\/wp-content\/uploads\/2025\/08\/Workshop_2-768x1024.jpg\" alt=\"\" class=\"wp-image-19726\" srcset=\"https:\/\/www.lebenshilfe-stuttgart.de\/wp-content\/uploads\/2025\/08\/Workshop_2-768x1024.jpg 768w, https:\/\/www.lebenshilfe-stuttgart.de\/wp-content\/uploads\/2025\/08\/Workshop_2-225x300.jpg 225w, https:\/\/www.lebenshilfe-stuttgart.de\/wp-content\/uploads\/2025\/08\/Workshop_2-1152x1536.jpg 1152w, https:\/\/www.lebenshilfe-stuttgart.de\/wp-content\/uploads\/2025\/08\/Workshop_2-1536x2048.jpg 1536w, https:\/\/www.lebenshilfe-stuttgart.de\/wp-content\/uploads\/2025\/08\/Workshop_2-9x12.jpg 9w, https:\/\/www.lebenshilfe-stuttgart.de\/wp-content\/uploads\/2025\/08\/Workshop_2-600x800.jpg 600w, https:\/\/www.lebenshilfe-stuttgart.de\/wp-content\/uploads\/2025\/08\/Workshop_2-scaled.jpg 1920w\" sizes=\"auto, (max-width: 768px) 100vw, 768px\" \/><figcaption class=\"wp-element-caption\">Mit selbstgemachten Instrumenten werden Kl\u00e4nge erforscht<\/figcaption><\/figure>\n\n\n\n<figure class=\"wp-block-image size-large\"><img loading=\"lazy\" decoding=\"async\" width=\"768\" height=\"1024\" data-id=\"19724\" src=\"https:\/\/www.lebenshilfe-stuttgart.de\/wp-content\/uploads\/2025\/08\/Workshop_3-768x1024.jpg\" alt=\"\" class=\"wp-image-19724\" srcset=\"https:\/\/www.lebenshilfe-stuttgart.de\/wp-content\/uploads\/2025\/08\/Workshop_3-768x1024.jpg 768w, https:\/\/www.lebenshilfe-stuttgart.de\/wp-content\/uploads\/2025\/08\/Workshop_3-225x300.jpg 225w, https:\/\/www.lebenshilfe-stuttgart.de\/wp-content\/uploads\/2025\/08\/Workshop_3-1152x1536.jpg 1152w, https:\/\/www.lebenshilfe-stuttgart.de\/wp-content\/uploads\/2025\/08\/Workshop_3-1536x2048.jpg 1536w, https:\/\/www.lebenshilfe-stuttgart.de\/wp-content\/uploads\/2025\/08\/Workshop_3-9x12.jpg 9w, https:\/\/www.lebenshilfe-stuttgart.de\/wp-content\/uploads\/2025\/08\/Workshop_3-600x800.jpg 600w, https:\/\/www.lebenshilfe-stuttgart.de\/wp-content\/uploads\/2025\/08\/Workshop_3-scaled.jpg 1920w\" sizes=\"auto, (max-width: 768px) 100vw, 768px\" \/><figcaption class=\"wp-element-caption\">Auch ein kleines Instrument kann rhythmisch klingen<\/figcaption><\/figure>\n<\/figure>\n\n\n\n<p>Der zweite Teil des Projekt stand zwei Wochen sp\u00e4ter auf dem Programm: Ein Besuch des Konzerts des SWR Symphonieorchesters am 4. April in der Stuttgarter Liederhalle. Der Saal war gut gef\u00fcllt, die Atmosph\u00e4re angenehm entspannt. Zu Beginn stellten die Musikerinnen und Musiker sich selbst und ihre Instrumente vor. Anschlie\u00dfend spielten sie ein abwechslungsreiches Programm, das Werke von Miles Davis, Maurice Ravel und George Gershwin umfasste.<\/p>\n\n\n\n<p>Ein Teilnehmender schw\u00e4rmt: \u201eDie Rhythmus-Musik hat mir gut gefallen.\u201c Auch die anderen waren sich einig: Es war sch\u00f6n, das Konzert in einer ruhigen, zug\u00e4nglichen Atmosph\u00e4re genie\u00dfen zu k\u00f6nnen. Und alle w\u00fcrden gern wiederkommen.<\/p>\n\n\n\n<p>F\u00fcr ist &#8220;I got rhythm \u2013 inklusive Konzerte&#8221; ein gelungenes Projekt, es macht Musik erlebbar \u2013 nicht nur auditiv, sondern greifbar durch sinnliche Experimente, klare Kommunikation und eine Umgebung, die auf individuelle Bed\u00fcrfnisse eingeht. Die R\u00fcckmeldungen der Teilnehmenden zeigen: Der sichere Rahmen, die Entschleunigung und die inspirierende Musik schaffen echte Teilhabe am kulturellen Leben. Musik live erleben zu k\u00f6nnen ist nun einmal einfach anders, als sie aus der &#8220;Konserve&#8221; zu h\u00f6ren.<\/p>\n\n\n\n<figure class=\"wp-block-gallery has-nested-images columns-default is-cropped wp-block-gallery-2 is-layout-flex wp-block-gallery-is-layout-flex\">\n<figure class=\"wp-block-image size-large\"><img loading=\"lazy\" decoding=\"async\" width=\"1024\" height=\"768\" data-id=\"19727\" src=\"https:\/\/www.lebenshilfe-stuttgart.de\/wp-content\/uploads\/2025\/08\/3Gruppenfoto-nach-dem-Konzert.jpg\" alt=\"\" class=\"wp-image-19727\" srcset=\"https:\/\/www.lebenshilfe-stuttgart.de\/wp-content\/uploads\/2025\/08\/3Gruppenfoto-nach-dem-Konzert.jpg 1024w, https:\/\/www.lebenshilfe-stuttgart.de\/wp-content\/uploads\/2025\/08\/3Gruppenfoto-nach-dem-Konzert-300x225.jpg 300w, https:\/\/www.lebenshilfe-stuttgart.de\/wp-content\/uploads\/2025\/08\/3Gruppenfoto-nach-dem-Konzert-768x576.jpg 768w, https:\/\/www.lebenshilfe-stuttgart.de\/wp-content\/uploads\/2025\/08\/3Gruppenfoto-nach-dem-Konzert-16x12.jpg 16w, https:\/\/www.lebenshilfe-stuttgart.de\/wp-content\/uploads\/2025\/08\/3Gruppenfoto-nach-dem-Konzert-600x450.jpg 600w\" sizes=\"auto, (max-width: 1024px) 100vw, 1024px\" \/><figcaption class=\"wp-element-caption\"><strong>Die Gruppe nach dem Konzert<\/strong><\/figcaption><\/figure>\n<\/figure>\n\n\n\n<p>Vielen Dank an das SWR Symphonie-Orchester und die VHS Stuttgart f\u00fcr dieses tolle Erlebnis!<\/p>\n\n\n\n<p>Hier gibt es mehr Informationen zum SWR Symphonieorchester und M\u00f6glichkeiten, reinzuh\u00f6ren:<br><a href=\"http:\/\/SWR Symphonieorchester - SWR Kultur\">http:\/\/SWR Symphonieorchester &#8211; SWR Kultur<\/a><\/p>\n\n\n\n<p>Die VHS Stuttgart bietet noch eine Menge weiterer inklusive Angebote, gleich mal reinschauen: <a href=\"https:\/\/vhs-stuttgart.de\/fileadmin\/vhs_inklusiv\/vhs_inklusion_2025_2_web.pdf\" target=\"_blank\" rel=\"noopener\">https:\/\/vhs-stuttgart.de\/fileadmin\/vhs_inklusiv\/vhs_inklusion_2025_2_web.pdf<\/a><\/p>","protected":false},"excerpt":{"rendered":"<p>Ein gemeinsames Musikprojekt von SWR Philharmonikern und VHS Stuttgart und unsere Wohnanlage am Probstsee war dabei! Musik ist eine universelle Sprache, die Menschen verbindet. F\u00fcr viele ist der Besuch eines Konzerts ein besonderes Erlebnis. In Zusammenarbeit mit der Volkshochschule Stuttgart (VHS) hat das SWR Symphonieorchester ein inklusives Projekt ins Leben gerufen: I got rhythm \u2013 [&hellip;]<\/p>\n","protected":false},"author":5,"featured_media":19723,"comment_status":"open","ping_status":"open","sticky":false,"template":"","format":"standard","meta":{"_acf_changed":false,"footnotes":""},"categories":[227],"tags":[302,301],"post_folder":[],"class_list":["post-19720","post","type-post","status-publish","format-standard","has-post-thumbnail","hentry","category-blog","tag-inklusive-konzerte","tag-swr-symphonieorchester"],"acf":[],"_links":{"self":[{"href":"https:\/\/www.lebenshilfe-stuttgart.de\/de_leicht\/wp-json\/wp\/v2\/posts\/19720","targetHints":{"allow":["GET"]}}],"collection":[{"href":"https:\/\/www.lebenshilfe-stuttgart.de\/de_leicht\/wp-json\/wp\/v2\/posts"}],"about":[{"href":"https:\/\/www.lebenshilfe-stuttgart.de\/de_leicht\/wp-json\/wp\/v2\/types\/post"}],"author":[{"embeddable":true,"href":"https:\/\/www.lebenshilfe-stuttgart.de\/de_leicht\/wp-json\/wp\/v2\/users\/5"}],"replies":[{"embeddable":true,"href":"https:\/\/www.lebenshilfe-stuttgart.de\/de_leicht\/wp-json\/wp\/v2\/comments?post=19720"}],"version-history":[{"count":10,"href":"https:\/\/www.lebenshilfe-stuttgart.de\/de_leicht\/wp-json\/wp\/v2\/posts\/19720\/revisions"}],"predecessor-version":[{"id":19741,"href":"https:\/\/www.lebenshilfe-stuttgart.de\/de_leicht\/wp-json\/wp\/v2\/posts\/19720\/revisions\/19741"}],"wp:featuredmedia":[{"embeddable":true,"href":"https:\/\/www.lebenshilfe-stuttgart.de\/de_leicht\/wp-json\/wp\/v2\/media\/19723"}],"wp:attachment":[{"href":"https:\/\/www.lebenshilfe-stuttgart.de\/de_leicht\/wp-json\/wp\/v2\/media?parent=19720"}],"wp:term":[{"taxonomy":"category","embeddable":true,"href":"https:\/\/www.lebenshilfe-stuttgart.de\/de_leicht\/wp-json\/wp\/v2\/categories?post=19720"},{"taxonomy":"post_tag","embeddable":true,"href":"https:\/\/www.lebenshilfe-stuttgart.de\/de_leicht\/wp-json\/wp\/v2\/tags?post=19720"},{"taxonomy":"post_folder","embeddable":true,"href":"https:\/\/www.lebenshilfe-stuttgart.de\/de_leicht\/wp-json\/wp\/v2\/post_folder?post=19720"}],"curies":[{"name":"wp","href":"https:\/\/api.w.org\/{rel}","templated":true}]}}