{"id":19865,"date":"2025-11-05T12:26:25","date_gmt":"2025-11-05T11:26:25","guid":{"rendered":"https:\/\/www.lebenshilfe-stuttgart.de\/?p=19865"},"modified":"2025-11-05T12:31:12","modified_gmt":"2025-11-05T11:31:12","slug":"grosse-ehre-fuer-andrea-grieb-ehrenplakette-der-stadt-stuttgart-verliehen","status":"publish","type":"post","link":"https:\/\/www.lebenshilfe-stuttgart.de\/de_leicht\/grosse-ehre-fuer-andrea-grieb-ehrenplakette-der-stadt-stuttgart-verliehen\/","title":{"rendered":"Gro\u00dfe Ehre f\u00fcr Andrea Grieb: Ehrenplakette der Stadt Stuttgart verliehen"},"content":{"rendered":"<p><sub>Foto: Carmen Kohr, OB Dr. Frank Nopper, Andrea Grieb , Copyright: Fabrice Weichelt\/Stadt Stuttgart<\/sub><\/p>\n\n\n\n<p>Am Mittwoch, den 22. Oktober 2025, wurde unserer langj\u00e4hrigen Kollegin und Mitstreiterin Andrea Grieb eine ganz besondere Auszeichnung zuteil: Oberb\u00fcrgermeister Dr. Frank Nopper verlieh ihr die Ehrenplakette der Stadt Stuttgart, die h\u00f6chste Auszeichnung f\u00fcr ehrenamtliches Engagement, die die Stadt zu vergeben hat. Damit w\u00fcrdigt die Stadt Menschen, \u201ederen Engagement f\u00fcr die Gesellschaft in Art und Umfang vorbildlich ist.\u201c<\/p>\n\n\n\n<h2 class=\"wp-block-heading\">Ein beeindruckender Weg des Engagements<\/h2>\n\n\n\n<p>Andrea Grieb begann ihren Weg in unseren Werkst\u00e4tten1995. Schon fr\u00fch zeigte sie gro\u00dfes Interesse an Mitbestimmung und Teilhabe. Sie engagierte sich im neu gegr\u00fcndeten Werkstattrat und als Frauenbeauftragte. Besonders am Herzen lagen ihr stets Menschen, die mehr Unterst\u00fctzung ben\u00f6tigen \u2013 mit viel Einf\u00fchlungsverm\u00f6gen arbeitete sie jahrelang als Betreuungshelferin in unseren F\u00f6rdergruppen.<\/p>\n\n\n\n<p>Als ihr angeboten wurde, sich zur G\u00e4stef\u00fchrerin ausbilden zu lassen, war Andreas Grieb zun\u00e4chst skeptisch: \u201eWie wird man uns aufnehmen?\u201c fragte sie sich. Doch sie lie\u00df sich \u00fcberzeugen, den Schritt zu wagen. Drei Jahre dauerte die Ausbildung beim Treffpunkt Clemens von Galen \u2013 und schon seit 2010 zeigt Andrea Grieb Menschen mit und ohne Behinderung die Stadt aus ihrer Perspektive.<\/p>\n\n\n\n<p>Die inklusiven F\u00fchrungen unter dem Titel \u201eBlickwechsel\u201c sind l\u00e4ngst zu einem festen Bestandteil des Stadtlebens geworden. \u00dcber 300 F\u00fchrungen wurden angeboten, meist mit Beteiligung von Andrea Grieb \u201eWenn es geht, bin ich immer dabei\u201c, erz\u00e4hlt sie. Ihre anf\u00e4nglichen Zweifel haben sich nicht bewahrheitet: \u201eWir sind immer gut aufgenommen worden, die G\u00e4ste waren jedes Mal begeistert. Es gab noch nie ein Problem.\u201c Die F\u00fchrungen sind ihr eine Herzensangelegenheit \u2013 und ein echtes Beispiel gelebter Inklusion.<\/p>\n\n\n\n<h2 class=\"wp-block-heading\">Stimme f\u00fcr Teilhabe und Inklusion<\/h2>\n\n\n\n<p>Doch damit nicht genug: Seit 2010 ist Andrea Grieb Mitglied im Beirat \u201eInklusion \u2013 Miteinander F\u00fcreinander\u201c, seit 2024 zus\u00e4tzlich im Beirat f\u00fcr Menschen mit Behinderung der Stadt StuttgartT. In beiden Gremien bringt sie ihre Erfahrungen und ihre Stimme f\u00fcr mehr Teilhabe und Inklusion ein.<\/p>\n\n\n\n<p>Oberb\u00fcrgermeister Dr. Frank Nopper w\u00fcrdigte ihr Engagement mit bewegenden Worten:<\/p>\n\n\n\n<p>\u201eAndrea Grieb lebt vor, was Inklusion bedeutet: mitreden, mitgestalten und mit Herz und Leidenschaft f\u00fcr andere da sein. Ihr Einsatz baut Br\u00fccken \u2013 zwischen Menschen mit und ohne Behinderung.\u201c<\/p>\n\n\n\n<p>2024 verabschiedete Andrea Grieb sich aus unseren Werkst\u00e4tten in den wohlverdienten Ruhestand. Doch ihr ehrenamtliches Wirken f\u00fchrt sie mit ungebrochener Energie weiter. Sie bleibt eine wichtige Stimme f\u00fcr Inklusion und Teilhabe in unserer Stadt &#8211; und ein gro\u00dfes Vorbild f\u00fcr uns alle.<\/p>\n\n\n\n<p>Liebe Andrea, danke f\u00fcr alles \u2013 und herzlichen Gl\u00fcckwunsch zu dieser besonderen Auszeichnung!<\/p>\n\n\n\n<p>Weiterf\u00fchrende Infos<br><a href=\"https:\/\/www.stuttgart.de\/service\/aktuelle-meldungen\/2025\/oktober\/ob-nopper-uebergibt-ehrenplaketten-beim-buergerempfang-hoechste-auszeichnung-fuer-ehrenamtliches-engagement-der-landeshauptstadt\" target=\"_blank\" rel=\"noopener\">OB Nopper \u00fcbergibt Ehrenplaketten beim B\u00fcrgerempfang | Landeshauptstadt Stuttgart<\/a><br><a href=\"https:\/\/www.stuttgart-tourist.de\/o-blickwechsel-stuttgart-innenstadtrundgang-mit-menschen-mit-behinderung\" target=\"_blank\" rel=\"noopener\">Stuttgart f\u00fcr Gruppen: Rundgang durch die Innenstadt mit Menschen mit Behinderung<\/a><\/p>","protected":false},"excerpt":{"rendered":"<p>Unsere langj\u00e4hrige Kollegin und Mitstreiterin<br \/>\n Andreas Grieb wurde von OB Dr. Frank Nopper die Ehrenplakette der Stadt Stuttgart verliehen.<\/p>","protected":false},"author":5,"featured_media":19866,"comment_status":"closed","ping_status":"open","sticky":false,"template":"","format":"standard","meta":{"_acf_changed":false,"footnotes":""},"categories":[227],"tags":[306,308,304,307,303],"post_folder":[],"class_list":["post-19865","post","type-post","status-publish","format-standard","has-post-thumbnail","hentry","category-blog","tag-blickwechsel","tag-ehrenamt","tag-ehrenplakette","tag-gaestefuehrungen","tag-ob-nopprer"],"acf":[],"_links":{"self":[{"href":"https:\/\/www.lebenshilfe-stuttgart.de\/de_leicht\/wp-json\/wp\/v2\/posts\/19865","targetHints":{"allow":["GET"]}}],"collection":[{"href":"https:\/\/www.lebenshilfe-stuttgart.de\/de_leicht\/wp-json\/wp\/v2\/posts"}],"about":[{"href":"https:\/\/www.lebenshilfe-stuttgart.de\/de_leicht\/wp-json\/wp\/v2\/types\/post"}],"author":[{"embeddable":true,"href":"https:\/\/www.lebenshilfe-stuttgart.de\/de_leicht\/wp-json\/wp\/v2\/users\/5"}],"replies":[{"embeddable":true,"href":"https:\/\/www.lebenshilfe-stuttgart.de\/de_leicht\/wp-json\/wp\/v2\/comments?post=19865"}],"version-history":[{"count":9,"href":"https:\/\/www.lebenshilfe-stuttgart.de\/de_leicht\/wp-json\/wp\/v2\/posts\/19865\/revisions"}],"predecessor-version":[{"id":21138,"href":"https:\/\/www.lebenshilfe-stuttgart.de\/de_leicht\/wp-json\/wp\/v2\/posts\/19865\/revisions\/21138"}],"wp:featuredmedia":[{"embeddable":true,"href":"https:\/\/www.lebenshilfe-stuttgart.de\/de_leicht\/wp-json\/wp\/v2\/media\/19866"}],"wp:attachment":[{"href":"https:\/\/www.lebenshilfe-stuttgart.de\/de_leicht\/wp-json\/wp\/v2\/media?parent=19865"}],"wp:term":[{"taxonomy":"category","embeddable":true,"href":"https:\/\/www.lebenshilfe-stuttgart.de\/de_leicht\/wp-json\/wp\/v2\/categories?post=19865"},{"taxonomy":"post_tag","embeddable":true,"href":"https:\/\/www.lebenshilfe-stuttgart.de\/de_leicht\/wp-json\/wp\/v2\/tags?post=19865"},{"taxonomy":"post_folder","embeddable":true,"href":"https:\/\/www.lebenshilfe-stuttgart.de\/de_leicht\/wp-json\/wp\/v2\/post_folder?post=19865"}],"curies":[{"name":"wp","href":"https:\/\/api.w.org\/{rel}","templated":true}]}}